{"id":38189,"date":"2026-04-30T16:27:59","date_gmt":"2026-04-30T16:27:59","guid":{"rendered":"http:\/\/www.jornalexemplo.com.br\/jornal\/?p=38189"},"modified":"2026-04-30T16:28:03","modified_gmt":"2026-04-30T16:28:03","slug":"apresentacao-espaco-ali","status":"publish","type":"post","link":"http:\/\/www.jornalexemplo.com.br\/jornal\/apresentacao-espaco-ali\/","title":{"rendered":"Apresenta\u00e7\u00e3o:  Espa\u00e7o  ALI"},"content":{"rendered":"\n<p>\u00c9 com grande entusiasmo que a Academia de Letras de Indaiatuba (ALI) inaugura, a partir desta edi\u00e7\u00e3o, um canal direto de di\u00e1logo com a nossa comunidade: o ESPA\u00c7O ALI.<br>Em parceria com o jornal Exemplo, este espa\u00e7o semanal nasce com o prop\u00f3sito de transbordar a literatura para al\u00e9m das estantes e das reuni\u00f5es acad\u00eamicas, ocupando as p\u00e1ginas do cotidiano de nossa cidade. Acreditamos que a palavra escrita \u00e9 um organismo vivo que ganha sentido pleno apenas quando encontra o olhar do leitor.<\/p>\n\n\n\n<figure class=\"wp-block-image size-large\"><a href=\"http:\/\/www.jornalexemplo.com.br\/jornal\/wp-content\/uploads\/2026\/04\/o-que-compoe-o-preco-de-um-livro-no-brasil-vista-frontal-de-livros-empilhados-e-escadas-para-o-dia-da-educacao-scaled-1.jpg\"><img width=\"1024\" height=\"683\" src=\"http:\/\/www.jornalexemplo.com.br\/jornal\/wp-content\/uploads\/2026\/04\/o-que-compoe-o-preco-de-um-livro-no-brasil-vista-frontal-de-livros-empilhados-e-escadas-para-o-dia-da-educacao-scaled-1-1024x683.jpg\" alt=\"\" class=\"wp-image-38191\" srcset=\"http:\/\/www.jornalexemplo.com.br\/jornal\/wp-content\/uploads\/2026\/04\/o-que-compoe-o-preco-de-um-livro-no-brasil-vista-frontal-de-livros-empilhados-e-escadas-para-o-dia-da-educacao-scaled-1-1024x683.jpg 1024w, http:\/\/www.jornalexemplo.com.br\/jornal\/wp-content\/uploads\/2026\/04\/o-que-compoe-o-preco-de-um-livro-no-brasil-vista-frontal-de-livros-empilhados-e-escadas-para-o-dia-da-educacao-scaled-1-300x200.jpg 300w, http:\/\/www.jornalexemplo.com.br\/jornal\/wp-content\/uploads\/2026\/04\/o-que-compoe-o-preco-de-um-livro-no-brasil-vista-frontal-de-livros-empilhados-e-escadas-para-o-dia-da-educacao-scaled-1-768x512.jpg 768w, http:\/\/www.jornalexemplo.com.br\/jornal\/wp-content\/uploads\/2026\/04\/o-que-compoe-o-preco-de-um-livro-no-brasil-vista-frontal-de-livros-empilhados-e-escadas-para-o-dia-da-educacao-scaled-1-1536x1024.jpg 1536w, http:\/\/www.jornalexemplo.com.br\/jornal\/wp-content\/uploads\/2026\/04\/o-que-compoe-o-preco-de-um-livro-no-brasil-vista-frontal-de-livros-empilhados-e-escadas-para-o-dia-da-educacao-scaled-1-2048x1366.jpg 2048w, http:\/\/www.jornalexemplo.com.br\/jornal\/wp-content\/uploads\/2026\/04\/o-que-compoe-o-preco-de-um-livro-no-brasil-vista-frontal-de-livros-empilhados-e-escadas-para-o-dia-da-educacao-scaled-1-765x510.jpg 765w\" sizes=\"(max-width: 1024px) 100vw, 1024px\" \/><\/a><figcaption>Redes Sociais<\/figcaption><\/figure>\n\n\n\n<p><br>Semanalmente, nossos acad\u00eamicos se revezar\u00e3o para compartilhar com voc\u00eas uma fatia da produ\u00e7\u00e3o intelectual e criativa de Indaiatuba. O leitor encontrar\u00e1 uma curadoria diversificada que reflete a pluralidade de vozes que comp\u00f5em nossa Academia:<\/p>\n\n\n\n<ul><li>Cr\u00f4nicas: Reflex\u00f5es sobre o cotidiano, a cidade e as sutilezas da vida.<\/li><li>Poesia: O f\u00f4lego do verso para pausar a pressa do dia a dia.<\/li><li>Ensaios e Artigos: Debates sobre cultura, hist\u00f3ria e a l\u00edngua portuguesa.<\/li><li>Contos: Narrativas breves para instigar a imagina\u00e7\u00e3o.<br><br><br>A Academia de Letras de Indaiatuba n\u00e3o \u00e9 um castelo isolado; \u00e9, antes de tudo, uma guardi\u00e3 da mem\u00f3ria e da identidade local. Ao ocuparmos este espa\u00e7o no jornal Exemplo, reafirmamos nosso compromisso de fomentar o h\u00e1bito da leitura e valorizar os talentos da nossa terra<br><br>A literatura tem o poder \u00fanico de criar empatia e registrar o esp\u00edrito de uma \u00e9poca. Em tempos de informa\u00e7\u00f5es r\u00e1pidas e superficiais, o ESPA\u00c7O ALI convida voc\u00ea a uma respira\u00e7\u00e3o mais profunda. Queremos que estas colunas sejam um momento de pausa, de provoca\u00e7\u00e3o intelectual ou de simples deleite est\u00e9tico.<br><br>\u201cA escrita \u00e9 o modo de dizer o que o sil\u00eancio n\u00e3o suporta, e a leitura \u00e9 o modo de ouvir o que a alma precisa.\u201d (autor desconhecido).<br><br>Convidamos voc\u00ea, leitor do Exemplo, a acompanhar esta jornada liter\u00e1ria todas as semanas. Que o ESPA\u00c7O ALI se torne um h\u00e1bito em seu caf\u00e9 da manh\u00e3 ou em seu momento de descanso, estreitando os la\u00e7os entre quem escreve e quem l\u00ea.<br><br>Sejam bem-vindos a este novo cap\u00edtulo da nossa hist\u00f3ria cultural. Acompanhe, prestigie e permita que a literatura de Indaiatuba fa\u00e7a parte do seu dia.<br>Academia de Letras de Indaiatuba (ALI) &#8211; Cultivando a palavra, preservando a hist\u00f3ria.<br><br><br><strong>*Rubens Pantano Filho &#8211; Cadeira n.\u00ba 31 \u2013 Patrono: Mario Quintana<\/strong><\/li><\/ul>\n\n\n\n<figure class=\"wp-block-image size-full\"><a href=\"http:\/\/www.jornalexemplo.com.br\/jornal\/wp-content\/uploads\/2026\/04\/ali.jpg\"><img width=\"129\" height=\"123\" src=\"http:\/\/www.jornalexemplo.com.br\/jornal\/wp-content\/uploads\/2026\/04\/ali.jpg\" alt=\"\" class=\"wp-image-38190\"\/><\/a><figcaption>Arquivo Pessoal<\/figcaption><\/figure>\n","protected":false},"excerpt":{"rendered":"<p>\u00c9 com grande entusiasmo que a Academia de Letras de Indaiatuba (ALI) inaugura, a partir desta edi\u00e7\u00e3o, um canal direto de di\u00e1logo com a nossa comunidade: o ESPA\u00c7O ALI.Em parceria com o jornal Exemplo, este espa\u00e7o semanal nasce com o prop\u00f3sito de transbordar a literatura para al\u00e9m das estantes e das reuni\u00f5es acad\u00eamicas, ocupando as &#8230;<\/p>\n","protected":false},"author":34,"featured_media":38191,"comment_status":"open","ping_status":"open","sticky":false,"template":"","format":"standard","meta":[],"categories":[8,262],"tags":[],"_links":{"self":[{"href":"http:\/\/www.jornalexemplo.com.br\/jornal\/wp-json\/wp\/v2\/posts\/38189"}],"collection":[{"href":"http:\/\/www.jornalexemplo.com.br\/jornal\/wp-json\/wp\/v2\/posts"}],"about":[{"href":"http:\/\/www.jornalexemplo.com.br\/jornal\/wp-json\/wp\/v2\/types\/post"}],"author":[{"embeddable":true,"href":"http:\/\/www.jornalexemplo.com.br\/jornal\/wp-json\/wp\/v2\/users\/34"}],"replies":[{"embeddable":true,"href":"http:\/\/www.jornalexemplo.com.br\/jornal\/wp-json\/wp\/v2\/comments?post=38189"}],"version-history":[{"count":1,"href":"http:\/\/www.jornalexemplo.com.br\/jornal\/wp-json\/wp\/v2\/posts\/38189\/revisions"}],"predecessor-version":[{"id":38192,"href":"http:\/\/www.jornalexemplo.com.br\/jornal\/wp-json\/wp\/v2\/posts\/38189\/revisions\/38192"}],"wp:featuredmedia":[{"embeddable":true,"href":"http:\/\/www.jornalexemplo.com.br\/jornal\/wp-json\/wp\/v2\/media\/38191"}],"wp:attachment":[{"href":"http:\/\/www.jornalexemplo.com.br\/jornal\/wp-json\/wp\/v2\/media?parent=38189"}],"wp:term":[{"taxonomy":"category","embeddable":true,"href":"http:\/\/www.jornalexemplo.com.br\/jornal\/wp-json\/wp\/v2\/categories?post=38189"},{"taxonomy":"post_tag","embeddable":true,"href":"http:\/\/www.jornalexemplo.com.br\/jornal\/wp-json\/wp\/v2\/tags?post=38189"}],"curies":[{"name":"wp","href":"https:\/\/api.w.org\/{rel}","templated":true}]}}